{"id":2919,"date":"2026-01-15T13:34:14","date_gmt":"2026-01-15T12:34:14","guid":{"rendered":"https:\/\/www.hoteldelacite.com\/?p=2919"},"modified":"2026-01-15T13:34:15","modified_gmt":"2026-01-15T12:34:15","slug":"the-barbacane-celebrates-truffles","status":"publish","type":"post","link":"https:\/\/www.hoteldelacite.com\/en\/la-barbacane-celebre-la-truffe\/","title":{"rendered":"La Barbacane celebrates truffles,"},"content":{"rendered":"<figure class=\"wp-block-image size-large\"><img fetchpriority=\"high\" decoding=\"async\" width=\"1024\" height=\"576\" src=\"https:\/\/www.hoteldelacite.com\/wp-content\/uploads\/2026\/01\/23-1024x576.png\" alt=\"\" class=\"wp-image-2920\" title=\"\" srcset=\"https:\/\/www.hoteldelacite.com\/wp-content\/uploads\/2026\/01\/23-1024x576.png 1024w, https:\/\/www.hoteldelacite.com\/wp-content\/uploads\/2026\/01\/23-300x169.png 300w, https:\/\/www.hoteldelacite.com\/wp-content\/uploads\/2026\/01\/23-768x432.png 768w, https:\/\/www.hoteldelacite.com\/wp-content\/uploads\/2026\/01\/23-1536x864.png 1536w, https:\/\/www.hoteldelacite.com\/wp-content\/uploads\/2026\/01\/23-18x10.png 18w, https:\/\/www.hoteldelacite.com\/wp-content\/uploads\/2026\/01\/23.png 1920w\" sizes=\"(max-width: 1024px) 100vw, 1024px\" \/><\/figure>\n\n\n\n<div style=\"height:67px\" aria-hidden=\"true\" class=\"wp-block-spacer\"><\/div>\n\n\n\n<div class=\"wp-block-group is-nowrap is-layout-flex wp-container-core-group-is-layout-ad2f72ca wp-block-group-is-layout-flex\">\n<p>In recent years, the black truffle has enjoyed a veritable renaissance in the Aude. Driven by the commitment of passionate truffle growers and the richness of our terroirs, local truffle growing is now a sector of excellence. With this menu, La Barbacane celebrates the black diamond of the Cathar region, sublimating its subtle, deep aromas through inspired, sincere gastronomic creations.<\/p>\n\n\n\n<figure class=\"wp-block-image size-large\"><img decoding=\"async\" width=\"1024\" height=\"674\" src=\"https:\/\/www.hoteldelacite.com\/wp-content\/uploads\/2026\/01\/TRUFFES-DU-PAYS-CATHARE-\u00a9-OFFICE-DE-TOURISME-GRAND-CARCASSONNE-1-1024x674.png\" alt=\"\" class=\"wp-image-2923\" title=\"\" srcset=\"https:\/\/www.hoteldelacite.com\/wp-content\/uploads\/2026\/01\/TRUFFES-DU-PAYS-CATHARE-\u00a9-OFFICE-DE-TOURISME-GRAND-CARCASSONNE-1-1024x674.png 1024w, https:\/\/www.hoteldelacite.com\/wp-content\/uploads\/2026\/01\/TRUFFES-DU-PAYS-CATHARE-\u00a9-OFFICE-DE-TOURISME-GRAND-CARCASSONNE-1-300x198.png 300w, https:\/\/www.hoteldelacite.com\/wp-content\/uploads\/2026\/01\/TRUFFES-DU-PAYS-CATHARE-\u00a9-OFFICE-DE-TOURISME-GRAND-CARCASSONNE-1-768x506.png 768w, https:\/\/www.hoteldelacite.com\/wp-content\/uploads\/2026\/01\/TRUFFES-DU-PAYS-CATHARE-\u00a9-OFFICE-DE-TOURISME-GRAND-CARCASSONNE-1-1536x1012.png 1536w, https:\/\/www.hoteldelacite.com\/wp-content\/uploads\/2026\/01\/TRUFFES-DU-PAYS-CATHARE-\u00a9-OFFICE-DE-TOURISME-GRAND-CARCASSONNE-1-2048x1349.png 2048w, https:\/\/www.hoteldelacite.com\/wp-content\/uploads\/2026\/01\/TRUFFES-DU-PAYS-CATHARE-\u00a9-OFFICE-DE-TOURISME-GRAND-CARCASSONNE-1-18x12.png 18w\" sizes=\"(max-width: 1024px) 100vw, 1024px\" \/><\/figure>\n<\/div>\n\n\n\n<div style=\"height:67px\" aria-hidden=\"true\" class=\"wp-block-spacer\"><\/div>\n\n\n\n<p class=\"has-text-align-center\"><strong>Melanosporum truffle menu<\/strong><\/p>\n\n\n\n<p class=\"has-text-align-center\"><strong>190\u20ac including drinks - 140\u20ac excluding drinks<\/strong><br><br>Celery gnocchi with truffles and extra Comt\u00e9 cheese<br>with beef consomm\u00e9 and yellow wine, a lovage emulsion<\/p>\n\n\n\n<p class=\"has-text-align-center\">-<br>Cuttlefish tagliatelle with Duler ventr\u00e8che and parmesan,<\/p>\n\n\n\n<p class=\"has-text-align-center\">melanosporum truffles, a light smoked cream<\/p>\n\n\n\n<p class=\"has-text-align-center\">-<br>Bay of the Somme scallops served in the shell,<\/p>\n\n\n\n<p class=\"has-text-align-center\">chanterelles, truffles and croutons<\/p>\n\n\n\n<p class=\"has-text-align-center\">-<br>Sole stuffed with blue lobster,<\/p>\n\n\n\n<p class=\"has-text-align-center\">Paimpol beans with truffled head juice<\/p>\n\n\n\n<p class=\"has-text-align-center\">-<br>Hare stuffed royal style, cardoons from Muriel's,<br>a light pur\u00e9e with horseradish and truffles, jus court with blood<\/p>\n\n\n\n<p class=\"has-text-align-center\">-<br>Fresh and mature cheeses from the Aude and elsewhere, truffled by us<\/p>\n\n\n\n<p class=\"has-text-align-center\">-<br>Chocolate flan,<\/p>\n\n\n\n<p class=\"has-text-align-center\">Baileys cream with fresh truffles<\/p>\n\n\n\n<div style=\"height:26px\" aria-hidden=\"true\" class=\"wp-block-spacer\"><\/div>\n\n\n\n<div class=\"wp-block-buttons is-content-justification-center is-layout-flex wp-container-core-buttons-is-layout-16018d1d wp-block-buttons-is-layout-flex\">\n<div class=\"wp-block-button\"><a class=\"wp-block-button__link has-text-align-center wp-element-button\" href=\"https:\/\/www.restaurant-labarbacane.com\/\" rel=\"nofollow noopener\" target=\"_blank\">Book your table!<\/a><\/div>\n<\/div>\n\n\n\n<div style=\"height:58px\" aria-hidden=\"true\" class=\"wp-block-spacer\"><\/div>\n\n\n\n<figure class=\"wp-block-gallery has-nested-images columns-default is-cropped wp-block-gallery-1 is-layout-flex wp-block-gallery-is-layout-flex\">\n<figure class=\"wp-block-image size-large\"><img decoding=\"async\" width=\"683\" height=\"1024\" data-id=\"2925\" src=\"https:\/\/www.hoteldelacite.com\/wp-content\/uploads\/2026\/01\/BARBACANE-RESTAURANT-GASTRONOMIQUE-MENU-DEGUSTATION-2025-10-CARCASSONNE-VERRI-11-683x1024.jpg\" alt=\"\" class=\"wp-image-2925\" title=\"\" srcset=\"https:\/\/www.hoteldelacite.com\/wp-content\/uploads\/2026\/01\/BARBACANE-RESTAURANT-GASTRONOMIQUE-MENU-DEGUSTATION-2025-10-CARCASSONNE-VERRI-11-683x1024.jpg 683w, https:\/\/www.hoteldelacite.com\/wp-content\/uploads\/2026\/01\/BARBACANE-RESTAURANT-GASTRONOMIQUE-MENU-DEGUSTATION-2025-10-CARCASSONNE-VERRI-11-200x300.jpg 200w, https:\/\/www.hoteldelacite.com\/wp-content\/uploads\/2026\/01\/BARBACANE-RESTAURANT-GASTRONOMIQUE-MENU-DEGUSTATION-2025-10-CARCASSONNE-VERRI-11-768x1151.jpg 768w, https:\/\/www.hoteldelacite.com\/wp-content\/uploads\/2026\/01\/BARBACANE-RESTAURANT-GASTRONOMIQUE-MENU-DEGUSTATION-2025-10-CARCASSONNE-VERRI-11-1025x1536.jpg 1025w, https:\/\/www.hoteldelacite.com\/wp-content\/uploads\/2026\/01\/BARBACANE-RESTAURANT-GASTRONOMIQUE-MENU-DEGUSTATION-2025-10-CARCASSONNE-VERRI-11-1367x2048.jpg 1367w, https:\/\/www.hoteldelacite.com\/wp-content\/uploads\/2026\/01\/BARBACANE-RESTAURANT-GASTRONOMIQUE-MENU-DEGUSTATION-2025-10-CARCASSONNE-VERRI-11-8x12.jpg 8w, https:\/\/www.hoteldelacite.com\/wp-content\/uploads\/2026\/01\/BARBACANE-RESTAURANT-GASTRONOMIQUE-MENU-DEGUSTATION-2025-10-CARCASSONNE-VERRI-11-scaled.jpg 1708w\" sizes=\"(max-width: 683px) 100vw, 683px\" \/><\/figure>\n\n\n\n<figure class=\"wp-block-image size-large\"><img loading=\"lazy\" decoding=\"async\" width=\"683\" height=\"1024\" data-id=\"2927\" src=\"https:\/\/www.hoteldelacite.com\/wp-content\/uploads\/2026\/01\/BARBACANE-RESTAURANT-GASTRONOMIQUE-MENU-DEGUSTATION-2025-10-CARCASSONNE-VERRI-36-683x1024.jpg\" alt=\"\" class=\"wp-image-2927\" title=\"\" srcset=\"https:\/\/www.hoteldelacite.com\/wp-content\/uploads\/2026\/01\/BARBACANE-RESTAURANT-GASTRONOMIQUE-MENU-DEGUSTATION-2025-10-CARCASSONNE-VERRI-36-683x1024.jpg 683w, https:\/\/www.hoteldelacite.com\/wp-content\/uploads\/2026\/01\/BARBACANE-RESTAURANT-GASTRONOMIQUE-MENU-DEGUSTATION-2025-10-CARCASSONNE-VERRI-36-200x300.jpg 200w, https:\/\/www.hoteldelacite.com\/wp-content\/uploads\/2026\/01\/BARBACANE-RESTAURANT-GASTRONOMIQUE-MENU-DEGUSTATION-2025-10-CARCASSONNE-VERRI-36-768x1151.jpg 768w, https:\/\/www.hoteldelacite.com\/wp-content\/uploads\/2026\/01\/BARBACANE-RESTAURANT-GASTRONOMIQUE-MENU-DEGUSTATION-2025-10-CARCASSONNE-VERRI-36-1025x1536.jpg 1025w, https:\/\/www.hoteldelacite.com\/wp-content\/uploads\/2026\/01\/BARBACANE-RESTAURANT-GASTRONOMIQUE-MENU-DEGUSTATION-2025-10-CARCASSONNE-VERRI-36-1367x2048.jpg 1367w, https:\/\/www.hoteldelacite.com\/wp-content\/uploads\/2026\/01\/BARBACANE-RESTAURANT-GASTRONOMIQUE-MENU-DEGUSTATION-2025-10-CARCASSONNE-VERRI-36-8x12.jpg 8w, https:\/\/www.hoteldelacite.com\/wp-content\/uploads\/2026\/01\/BARBACANE-RESTAURANT-GASTRONOMIQUE-MENU-DEGUSTATION-2025-10-CARCASSONNE-VERRI-36-scaled.jpg 1708w\" sizes=\"(max-width: 683px) 100vw, 683px\" \/><\/figure>\n\n\n\n<figure class=\"wp-block-image size-large\"><img loading=\"lazy\" decoding=\"async\" width=\"683\" height=\"1024\" data-id=\"2926\" src=\"https:\/\/www.hoteldelacite.com\/wp-content\/uploads\/2026\/01\/BARBACANE-RESTAURANT-GASTRONOMIQUE-MENU-DEGUSTATION-2025-10-CARCASSONNE-VERRI-15-683x1024.jpg\" alt=\"\" class=\"wp-image-2926\" title=\"\" srcset=\"https:\/\/www.hoteldelacite.com\/wp-content\/uploads\/2026\/01\/BARBACANE-RESTAURANT-GASTRONOMIQUE-MENU-DEGUSTATION-2025-10-CARCASSONNE-VERRI-15-683x1024.jpg 683w, https:\/\/www.hoteldelacite.com\/wp-content\/uploads\/2026\/01\/BARBACANE-RESTAURANT-GASTRONOMIQUE-MENU-DEGUSTATION-2025-10-CARCASSONNE-VERRI-15-200x300.jpg 200w, https:\/\/www.hoteldelacite.com\/wp-content\/uploads\/2026\/01\/BARBACANE-RESTAURANT-GASTRONOMIQUE-MENU-DEGUSTATION-2025-10-CARCASSONNE-VERRI-15-768x1151.jpg 768w, https:\/\/www.hoteldelacite.com\/wp-content\/uploads\/2026\/01\/BARBACANE-RESTAURANT-GASTRONOMIQUE-MENU-DEGUSTATION-2025-10-CARCASSONNE-VERRI-15-1025x1536.jpg 1025w, https:\/\/www.hoteldelacite.com\/wp-content\/uploads\/2026\/01\/BARBACANE-RESTAURANT-GASTRONOMIQUE-MENU-DEGUSTATION-2025-10-CARCASSONNE-VERRI-15-1367x2048.jpg 1367w, https:\/\/www.hoteldelacite.com\/wp-content\/uploads\/2026\/01\/BARBACANE-RESTAURANT-GASTRONOMIQUE-MENU-DEGUSTATION-2025-10-CARCASSONNE-VERRI-15-8x12.jpg 8w, https:\/\/www.hoteldelacite.com\/wp-content\/uploads\/2026\/01\/BARBACANE-RESTAURANT-GASTRONOMIQUE-MENU-DEGUSTATION-2025-10-CARCASSONNE-VERRI-15-scaled.jpg 1708w\" sizes=\"(max-width: 683px) 100vw, 683px\" \/><\/figure>\n<\/figure>\n\n\n\n<div style=\"height:58px\" aria-hidden=\"true\" class=\"wp-block-spacer\"><\/div>\n\n\n\n<p><strong>The Barbican at<\/strong> <strong>Amp\u00e9lofolies du Cabard\u00e8s<\/strong><\/p>\n\n\n\n<div class=\"wp-block-group is-nowrap is-layout-flex wp-container-core-group-is-layout-ad2f72ca wp-block-group-is-layout-flex\">\n<p>Chef J\u00e9r\u00f4me Ryon and his team from La Barbacane restaurant will be taking part in the Amp\u00e9lofolies du Cabard\u00e8s - Truffe et Vin, an unmissable event dedicated to black truffles and local wines.<br>On this occasion, they will be showcasing their expertise through refined cuisine, with links to the producers and gastronomic traditions of the Cabard\u00e8s.<br>A day dedicated to taste, sharing and culinary excellence, at the heart of one of the region's most emblematic events<\/p>\n\n\n\n<figure class=\"wp-block-image size-large\"><img loading=\"lazy\" decoding=\"async\" width=\"770\" height=\"577\" src=\"https:\/\/www.hoteldelacite.com\/wp-content\/uploads\/2026\/01\/Les-Ampelofolies-du-Cabardes.jpg\" alt=\"\" class=\"wp-image-2928\" title=\"\" srcset=\"https:\/\/www.hoteldelacite.com\/wp-content\/uploads\/2026\/01\/Les-Ampelofolies-du-Cabardes.jpg 770w, https:\/\/www.hoteldelacite.com\/wp-content\/uploads\/2026\/01\/Les-Ampelofolies-du-Cabardes-300x225.jpg 300w, https:\/\/www.hoteldelacite.com\/wp-content\/uploads\/2026\/01\/Les-Ampelofolies-du-Cabardes-768x576.jpg 768w, https:\/\/www.hoteldelacite.com\/wp-content\/uploads\/2026\/01\/Les-Ampelofolies-du-Cabardes-16x12.jpg 16w\" sizes=\"(max-width: 770px) 100vw, 770px\" \/><\/figure>\n<\/div>\n\n\n\n<div style=\"height:62px\" aria-hidden=\"true\" class=\"wp-block-spacer\"><\/div>\n\n\n\n<div class=\"wp-block-buttons is-content-justification-center is-layout-flex wp-container-core-buttons-is-layout-16018d1d wp-block-buttons-is-layout-flex\">\n<div class=\"wp-block-button\"><a class=\"wp-block-button__link wp-element-button\" href=\"https:\/\/www.grand-carcassonne-tourisme.fr\/temps-fort\/les-ampelofolies-du-cabardes\/\" rel=\"nofollow noopener\" target=\"_blank\">Find out more about the programme<\/a><\/div>\n<\/div>","protected":false},"excerpt":{"rendered":"<p>Depuis quelques ann\u00e9es, la truffe noire conna\u00eet un v\u00e9ritable renouveau dans l\u2019Aude. Port\u00e9e par l\u2019engagement de trufficulteurs passionn\u00e9s et par la richesse de nos terroirs, la trufficulture locale s\u2019affirme aujourd\u2019hui comme une fili\u00e8re d\u2019excellence. \u00c0 travers ce menu, La Barbacane c\u00e9l\u00e8bre ce diamant noir du Pays cathare, en sublimant ses ar\u00f4mes subtils et profonds au [&hellip;]<\/p>\n","protected":false},"author":15,"featured_media":2921,"comment_status":"closed","ping_status":"closed","sticky":false,"template":"","format":"standard","meta":{"inline_featured_image":false,"footnotes":""},"categories":[1],"tags":[],"class_list":["post-2919","post","type-post","status-publish","format-standard","has-post-thumbnail","hentry","category-actualites"],"_links":{"self":[{"href":"https:\/\/www.hoteldelacite.com\/en\/wp-json\/wp\/v2\/posts\/2919","targetHints":{"allow":["GET"]}}],"collection":[{"href":"https:\/\/www.hoteldelacite.com\/en\/wp-json\/wp\/v2\/posts"}],"about":[{"href":"https:\/\/www.hoteldelacite.com\/en\/wp-json\/wp\/v2\/types\/post"}],"author":[{"embeddable":true,"href":"https:\/\/www.hoteldelacite.com\/en\/wp-json\/wp\/v2\/users\/15"}],"replies":[{"embeddable":true,"href":"https:\/\/www.hoteldelacite.com\/en\/wp-json\/wp\/v2\/comments?post=2919"}],"version-history":[{"count":1,"href":"https:\/\/www.hoteldelacite.com\/en\/wp-json\/wp\/v2\/posts\/2919\/revisions"}],"predecessor-version":[{"id":2929,"href":"https:\/\/www.hoteldelacite.com\/en\/wp-json\/wp\/v2\/posts\/2919\/revisions\/2929"}],"wp:featuredmedia":[{"embeddable":true,"href":"https:\/\/www.hoteldelacite.com\/en\/wp-json\/wp\/v2\/media\/2921"}],"wp:attachment":[{"href":"https:\/\/www.hoteldelacite.com\/en\/wp-json\/wp\/v2\/media?parent=2919"}],"wp:term":[{"taxonomy":"category","embeddable":true,"href":"https:\/\/www.hoteldelacite.com\/en\/wp-json\/wp\/v2\/categories?post=2919"},{"taxonomy":"post_tag","embeddable":true,"href":"https:\/\/www.hoteldelacite.com\/en\/wp-json\/wp\/v2\/tags?post=2919"}],"curies":[{"name":"wp","href":"https:\/\/api.w.org\/{rel}","templated":true}]}}